{"id":6479,"date":"2026-09-01T08:55:06","date_gmt":"2026-09-01T06:55:06","guid":{"rendered":"https:\/\/rijetke-bolesti.com\/?p=6479"},"modified":"2026-08-06T09:23:29","modified_gmt":"2026-08-06T07:23:29","slug":"mjesec-svjesnosti-o-rijetkim-dijagnozama-rujan","status":"publish","type":"post","link":"https:\/\/rijetke-bolesti.com\/en\/mjesec-svjesnosti-o-rijetkim-dijagnozama-rujan\/","title":{"rendered":"Mjesec svjesnosti o rijetkim dijagnozama &#8211; rujan"},"content":{"rendered":"<div class=\"wp-block-media-text has-media-on-the-right is-stacked-on-mobile\" style=\"grid-template-columns:auto 47%\"><div class=\"wp-block-media-text__content\">\n<p class=\"wp-block-paragraph\"><strong>Rujan \u2013 mjesec svjesnosti o Arnold-Chiarijevim malformacijama <\/strong><\/p>\n\n\n\n<p class=\"wp-block-paragraph\">Arnold-Chiari malformacija je rijetko neurolo\u0161ko stanje kod kojeg dolazi do nepravilnog polo\u017eaja dijela mozga, naj\u010de\u0161\u0107e malog mozga, koji se spu\u0161ta prema spinalnom kanalu. Mo\u017ee uzrokovati razli\u010dite simptome poput glavobolja, vrtoglavice, problema s ravnote\u017eom, bolova u vratu i poreme\u0107aja koordinacije. Cilj mjeseca svjesnosti je pove\u0107ati razumijevanje ove rijetke dijagnoze, potaknuti ranije prepoznavanje simptoma i pru\u017eiti podr\u0161ku oboljelima i njihovim obiteljima.<\/p>\n<\/div><figure class=\"wp-block-media-text__media\"><img loading=\"lazy\" decoding=\"async\" width=\"1024\" height=\"559\" src=\"https:\/\/rijetke-bolesti.com\/wp-content\/uploads\/2026\/09\/Gemini_Generated_Image_r8oizcr8oizcr8oi-1024x559.jpeg\" alt=\"\" class=\"wp-image-6488 size-full\" srcset=\"https:\/\/rijetke-bolesti.com\/wp-content\/uploads\/2026\/09\/Gemini_Generated_Image_r8oizcr8oizcr8oi-1024x559.jpeg 1024w, https:\/\/rijetke-bolesti.com\/wp-content\/uploads\/2026\/09\/Gemini_Generated_Image_r8oizcr8oizcr8oi-300x164.jpeg 300w, https:\/\/rijetke-bolesti.com\/wp-content\/uploads\/2026\/09\/Gemini_Generated_Image_r8oizcr8oizcr8oi-768x419.jpeg 768w, https:\/\/rijetke-bolesti.com\/wp-content\/uploads\/2026\/09\/Gemini_Generated_Image_r8oizcr8oizcr8oi-18x10.jpeg 18w, https:\/\/rijetke-bolesti.com\/wp-content\/uploads\/2026\/09\/Gemini_Generated_Image_r8oizcr8oizcr8oi.jpeg 1407w\" sizes=\"auto, (max-width: 1024px) 100vw, 1024px\" \/><\/figure><\/div>\n\n\n\n<hr class=\"wp-block-separator has-alpha-channel-opacity\"\/>\n\n\n\n<div class=\"wp-block-media-text is-stacked-on-mobile\" style=\"grid-template-columns:38% auto\"><figure class=\"wp-block-media-text__media\"><img loading=\"lazy\" decoding=\"async\" width=\"345\" height=\"377\" src=\"https:\/\/rijetke-bolesti.com\/wp-content\/uploads\/2026\/08\/fibroza.png\" alt=\"\" class=\"wp-image-6480 size-full\" srcset=\"https:\/\/rijetke-bolesti.com\/wp-content\/uploads\/2026\/08\/fibroza.png 345w, https:\/\/rijetke-bolesti.com\/wp-content\/uploads\/2026\/08\/fibroza-275x300.png 275w, https:\/\/rijetke-bolesti.com\/wp-content\/uploads\/2026\/08\/fibroza-11x12.png 11w\" sizes=\"auto, (max-width: 345px) 100vw, 345px\" \/><\/figure><div class=\"wp-block-media-text__content\">\n<p class=\"wp-block-paragraph\"><strong>Rujan \u2013 mjesec svjesnosti o plu\u0107noj fibrozi <\/strong><\/p>\n\n\n\n<p class=\"wp-block-paragraph\">Plu\u0107na fibroza je skupina bolesti kod kojih dolazi do stvaranja o\u017eiljkastog tkiva u plu\u0107ima, \u0161to ote\u017eava normalno disanje i izmjenu kisika. Simptomi naj\u010de\u0161\u0107e uklju\u010duju nedostatak zraka, suhi ka\u0161alj, umor i smanjenu tjelesnu izdr\u017eljivost. Podizanje svijesti va\u017eno je za ranije postavljanje dijagnoze, pravodobno lije\u010denje i pobolj\u0161anje kvalitete \u017eivota osoba koje \u017eive s ovom bole\u0161\u0107u.<\/p>\n<\/div><\/div>\n\n\n\n<hr class=\"wp-block-separator has-alpha-channel-opacity\"\/>\n\n\n\n<div class=\"wp-block-media-text has-media-on-the-right is-stacked-on-mobile\" style=\"grid-template-columns:auto 37%\"><div class=\"wp-block-media-text__content\">\n<p class=\"wp-block-paragraph\"><strong>Rujan \u2013 mjesec svjesnosti o plu\u0107noj fibrozi <\/strong><\/p>\n\n\n\n<p class=\"wp-block-paragraph\">Plu\u0107na fibroza je skupina bolesti kod kojih dolazi do stvaranja o\u017eiljkastog tkiva u plu\u0107ima, \u0161to ote\u017eava normalno disanje i izmjenu kisika. Simptomi naj\u010de\u0161\u0107e uklju\u010duju nedostatak zraka, suhi ka\u0161alj, umor i smanjenu tjelesnu izdr\u017eljivost. Podizanje svijesti va\u017eno je za ranije postavljanje dijagnoze, pravodobno lije\u010denje i pobolj\u0161anje kvalitete \u017eivota osoba koje \u017eive s ovom bole\u0161\u0107u.<\/p>\n<\/div><figure class=\"wp-block-media-text__media\"><img loading=\"lazy\" decoding=\"async\" width=\"343\" height=\"377\" src=\"https:\/\/rijetke-bolesti.com\/wp-content\/uploads\/2026\/08\/duchenne.png\" alt=\"\" class=\"wp-image-6481 size-full\" srcset=\"https:\/\/rijetke-bolesti.com\/wp-content\/uploads\/2026\/08\/duchenne.png 343w, https:\/\/rijetke-bolesti.com\/wp-content\/uploads\/2026\/08\/duchenne-273x300.png 273w, https:\/\/rijetke-bolesti.com\/wp-content\/uploads\/2026\/08\/duchenne-11x12.png 11w\" sizes=\"auto, (max-width: 343px) 100vw, 343px\" \/><\/figure><\/div>\n\n\n\n<hr class=\"wp-block-separator has-alpha-channel-opacity\"\/>\n\n\n\n<div class=\"wp-block-media-text is-stacked-on-mobile\" style=\"grid-template-columns:38% auto\"><figure class=\"wp-block-media-text__media\"><img loading=\"lazy\" decoding=\"async\" width=\"348\" height=\"380\" src=\"https:\/\/rijetke-bolesti.com\/wp-content\/uploads\/2026\/08\/kleefstra.png\" alt=\"\" class=\"wp-image-6482 size-full\" srcset=\"https:\/\/rijetke-bolesti.com\/wp-content\/uploads\/2026\/08\/kleefstra.png 348w, https:\/\/rijetke-bolesti.com\/wp-content\/uploads\/2026\/08\/kleefstra-275x300.png 275w, https:\/\/rijetke-bolesti.com\/wp-content\/uploads\/2026\/08\/kleefstra-11x12.png 11w\" sizes=\"auto, (max-width: 348px) 100vw, 348px\" \/><\/figure><div class=\"wp-block-media-text__content\">\n<p class=\"wp-block-paragraph\"><strong>17. rujna \u2013 Svjetski dan svjesnosti o Kleefstra sindromu<\/strong><\/p>\n\n\n\n<p class=\"wp-block-paragraph\">Kleefstra sindrom je rijedak genetski poreme\u0107aj uzrokovan promjenama u genu povezanom s razvojem organizma. Osobe s ovim sindromom mogu imati razvojne te\u0161ko\u0107e, intelektualne te\u0161ko\u0107e, karakteristi\u010dne crte lica, pote\u0161ko\u0107e u govoru i razli\u010dite zdravstvene izazove. Dan svjesnosti ima za cilj pove\u0107ati prepoznavanje sindroma i pru\u017eiti bolju podr\u0161ku osobama s ovom dijagnozom i njihovim obiteljima.<\/p>\n<\/div><\/div>\n\n\n\n<hr class=\"wp-block-separator has-alpha-channel-opacity\"\/>\n\n\n\n<div class=\"wp-block-media-text has-media-on-the-right is-stacked-on-mobile\" style=\"grid-template-columns:auto 37%\"><div class=\"wp-block-media-text__content\">\n<p class=\"wp-block-paragraph\"><strong>21. rujna \u2013 Dan svjesnosti o miozitisu<\/strong><\/p>\n\n\n\n<p class=\"wp-block-paragraph\">Miozitis ozna\u010dava skupinu rijetkih upalnih bolesti koje zahva\u0107aju mi\u0161i\u0107e i uzrokuju njihovo slabljenje. Naj\u010de\u0161\u0107i simptomi su slabost mi\u0161i\u0107a, umor, bolovi i pote\u0161ko\u0107e u svakodnevnim aktivnostima poput hodanja ili podizanja predmeta. Pove\u0107anje svijesti o miozitisu va\u017eno je kako bi se pobolj\u0161alo pravodobno prepoznavanje bolesti i dostupnost odgovaraju\u0107e skrbi.<\/p>\n<\/div><figure class=\"wp-block-media-text__media\"><img loading=\"lazy\" decoding=\"async\" width=\"347\" height=\"381\" src=\"https:\/\/rijetke-bolesti.com\/wp-content\/uploads\/2026\/08\/miozitis.png\" alt=\"\" class=\"wp-image-6483 size-full\" srcset=\"https:\/\/rijetke-bolesti.com\/wp-content\/uploads\/2026\/08\/miozitis.png 347w, https:\/\/rijetke-bolesti.com\/wp-content\/uploads\/2026\/08\/miozitis-273x300.png 273w, https:\/\/rijetke-bolesti.com\/wp-content\/uploads\/2026\/08\/miozitis-11x12.png 11w\" sizes=\"auto, (max-width: 347px) 100vw, 347px\" \/><\/figure><\/div>\n\n\n\n<hr class=\"wp-block-separator has-alpha-channel-opacity\"\/>\n\n\n\n<div class=\"wp-block-media-text is-stacked-on-mobile\" style=\"grid-template-columns:38% auto\"><figure class=\"wp-block-media-text__media\"><img loading=\"lazy\" decoding=\"async\" width=\"343\" height=\"373\" src=\"https:\/\/rijetke-bolesti.com\/wp-content\/uploads\/2026\/08\/narkolepsija.png\" alt=\"\" class=\"wp-image-6484 size-full\" srcset=\"https:\/\/rijetke-bolesti.com\/wp-content\/uploads\/2026\/08\/narkolepsija.png 343w, https:\/\/rijetke-bolesti.com\/wp-content\/uploads\/2026\/08\/narkolepsija-276x300.png 276w, https:\/\/rijetke-bolesti.com\/wp-content\/uploads\/2026\/08\/narkolepsija-11x12.png 11w\" sizes=\"auto, (max-width: 343px) 100vw, 343px\" \/><\/figure><div class=\"wp-block-media-text__content\">\n<p class=\"wp-block-paragraph\"><strong>22. rujna \u2013 Svjetski dan narkolepsije<\/strong><\/p>\n\n\n\n<p class=\"wp-block-paragraph\">Narkolepsija je kroni\u010dni neurolo\u0161ki poreme\u0107aj spavanja koji utje\u010de na sposobnost mozga da pravilno regulira ciklus budnosti i spavanja. Osobe s narkolepsijom mogu imati izra\u017eenu dnevnu pospanost, iznenadne napade sna i druge poreme\u0107aje spavanja. Cilj Svjetskog dana narkolepsije je smanjiti nerazumijevanje bolesti i pomo\u0107i oboljelima da dobiju pravovremenu dijagnozu i podr\u0161ku<\/p>\n<\/div><\/div>\n\n\n\n<hr class=\"wp-block-separator has-alpha-channel-opacity\"\/>\n\n\n\n<div class=\"wp-block-media-text has-media-on-the-right is-stacked-on-mobile\" style=\"grid-template-columns:auto 39%\"><div class=\"wp-block-media-text__content\">\n<p class=\"wp-block-paragraph\"><strong>25. rujna \u2013 Me\u0111unarodni dan svjesnosti o ataksiji<\/strong><\/p>\n\n\n\n<p class=\"wp-block-paragraph\">Ataksija je skupina neurolo\u0161kih poreme\u0107aja koji utje\u010du na koordinaciju pokreta, ravnote\u017eu i govor. Mo\u017ee biti posljedica genetskih promjena ili drugih o\u0161te\u0107enja \u017eiv\u010danog sustava, a simptomi se razlikuju od osobe do osobe. Dan svjesnosti o ataksiji usmjeren je na informiranje javnosti, podr\u0161ku oboljelima i poticanje istra\u017eivanja novih mogu\u0107nosti lije\u010denja<\/p>\n<\/div><figure class=\"wp-block-media-text__media\"><img loading=\"lazy\" decoding=\"async\" width=\"351\" height=\"380\" src=\"https:\/\/rijetke-bolesti.com\/wp-content\/uploads\/2026\/08\/ataxia.png\" alt=\"\" class=\"wp-image-6485 size-full\" srcset=\"https:\/\/rijetke-bolesti.com\/wp-content\/uploads\/2026\/08\/ataxia.png 351w, https:\/\/rijetke-bolesti.com\/wp-content\/uploads\/2026\/08\/ataxia-277x300.png 277w, https:\/\/rijetke-bolesti.com\/wp-content\/uploads\/2026\/08\/ataxia-11x12.png 11w\" sizes=\"auto, (max-width: 351px) 100vw, 351px\" \/><\/figure><\/div>\n\n\n\n<hr class=\"wp-block-separator has-alpha-channel-opacity\"\/>\n\n\n\n<div class=\"wp-block-media-text is-stacked-on-mobile\" style=\"grid-template-columns:39% auto\"><figure class=\"wp-block-media-text__media\"><img loading=\"lazy\" decoding=\"async\" width=\"346\" height=\"378\" src=\"https:\/\/rijetke-bolesti.com\/wp-content\/uploads\/2026\/08\/mijelom.png\" alt=\"\" class=\"wp-image-6486 size-full\" srcset=\"https:\/\/rijetke-bolesti.com\/wp-content\/uploads\/2026\/08\/mijelom.png 346w, https:\/\/rijetke-bolesti.com\/wp-content\/uploads\/2026\/08\/mijelom-275x300.png 275w, https:\/\/rijetke-bolesti.com\/wp-content\/uploads\/2026\/08\/mijelom-11x12.png 11w\" sizes=\"auto, (max-width: 346px) 100vw, 346px\" \/><\/figure><div class=\"wp-block-media-text__content\">\n<p class=\"wp-block-paragraph\"><strong>27. rujna \u2013 Europski dan mijeloma<\/strong><\/p>\n\n\n\n<p class=\"wp-block-paragraph\">Multipli mijelom je rijedak oblik raka krvi koji nastaje u plazma stanicama ko\u0161tane sr\u017ei. Bolest mo\u017ee uzrokovati bolove u kostima, umor, slabost, u\u010destalije infekcije i druge zdravstvene pote\u0161ko\u0107e. Europski dan mijeloma podi\u017ee svijest o ovoj bolesti, va\u017enosti ranog otkrivanja te dostupnosti suvremenih terapija koje mogu pobolj\u0161ati \u017eivot oboljelih.<\/p>\n<\/div><\/div>\n\n\n\n<hr class=\"wp-block-separator has-alpha-channel-opacity\"\/>","protected":false},"excerpt":{"rendered":"<p>Rujan \u2013 mjesec svjesnosti o Arnold-Chiarijevim malformacijama Arnold-Chiari malformacija je rijetko neurolo\u0161ko stanje kod kojeg dolazi do nepravilnog polo\u017eaja dijela mozga, naj\u010de\u0161\u0107e malog mozga, koji se spu\u0161ta prema spinalnom kanalu. Mo\u017ee uzrokovati razli\u010dite simptome poput glavobolja, vrtoglavice, problema s ravnote\u017eom, bolova u vratu i poreme\u0107aja&#8230;<\/p>","protected":false},"author":3,"featured_media":0,"comment_status":"open","ping_status":"open","sticky":false,"template":"","format":"standard","meta":{"content-type":"","footnotes":""},"categories":[1],"tags":[],"class_list":["post-6479","post","type-post","status-publish","format-standard","hentry","category-uncategorized"],"yoast_head":"<!-- This site is optimized with the Yoast SEO plugin v26.0 - https:\/\/yoast.com\/wordpress\/plugins\/seo\/ -->\n<title>Mjesec svjesnosti o rijetkim dijagnozama - rujan - Hrvatski savez za rijetke bolesti<\/title>\n<meta name=\"robots\" content=\"index, follow, max-snippet:-1, max-image-preview:large, max-video-preview:-1\" \/>\n<link rel=\"canonical\" href=\"https:\/\/rijetke-bolesti.com\/en\/mjesec-svjesnosti-o-rijetkim-dijagnozama-rujan\/\" \/>\n<meta property=\"og:locale\" content=\"en_GB\" \/>\n<meta property=\"og:type\" content=\"article\" \/>\n<meta property=\"og:title\" content=\"Mjesec svjesnosti o rijetkim dijagnozama - rujan - Hrvatski savez za rijetke bolesti\" \/>\n<meta property=\"og:description\" content=\"Rujan \u2013 mjesec svjesnosti o Arnold-Chiarijevim malformacijama Arnold-Chiari malformacija je rijetko neurolo\u0161ko stanje kod kojeg dolazi do nepravilnog polo\u017eaja dijela mozga, naj\u010de\u0161\u0107e malog mozga, koji se spu\u0161ta prema spinalnom kanalu. Mo\u017ee uzrokovati razli\u010dite simptome poput glavobolja, vrtoglavice, problema s ravnote\u017eom, bolova u vratu i poreme\u0107aja...\" \/>\n<meta property=\"og:url\" content=\"https:\/\/rijetke-bolesti.com\/en\/mjesec-svjesnosti-o-rijetkim-dijagnozama-rujan\/\" \/>\n<meta property=\"og:site_name\" content=\"Hrvatski savez za rijetke bolesti\" \/>\n<meta property=\"article:published_time\" content=\"2026-09-01T06:55:06+00:00\" \/>\n<meta property=\"og:image\" content=\"https:\/\/rijetke-bolesti.com\/wp-content\/uploads\/2026\/09\/Gemini_Generated_Image_r8oizcr8oizcr8oi.jpeg\" \/>\n\t<meta property=\"og:image:width\" content=\"1407\" \/>\n\t<meta property=\"og:image:height\" content=\"768\" \/>\n\t<meta property=\"og:image:type\" content=\"image\/jpeg\" \/>\n<meta name=\"author\" content=\"sara\" \/>\n<meta name=\"twitter:card\" content=\"summary_large_image\" \/>\n<meta name=\"twitter:label1\" content=\"Written by\" \/>\n\t<meta name=\"twitter:data1\" content=\"sara\" \/>\n\t<meta name=\"twitter:label2\" content=\"Estimated reading time\" \/>\n\t<meta name=\"twitter:data2\" content=\"4 minutes\" \/>\n<script type=\"application\/ld+json\" class=\"yoast-schema-graph\">{\"@context\":\"https:\/\/schema.org\",\"@graph\":[{\"@type\":\"WebPage\",\"@id\":\"https:\/\/rijetke-bolesti.com\/mjesec-svjesnosti-o-rijetkim-dijagnozama-rujan\/\",\"url\":\"https:\/\/rijetke-bolesti.com\/mjesec-svjesnosti-o-rijetkim-dijagnozama-rujan\/\",\"name\":\"Mjesec svjesnosti o rijetkim dijagnozama - rujan - Hrvatski savez za rijetke bolesti\",\"isPartOf\":{\"@id\":\"https:\/\/rijetke-bolesti.com\/#website\"},\"primaryImageOfPage\":{\"@id\":\"https:\/\/rijetke-bolesti.com\/mjesec-svjesnosti-o-rijetkim-dijagnozama-rujan\/#primaryimage\"},\"image\":{\"@id\":\"https:\/\/rijetke-bolesti.com\/mjesec-svjesnosti-o-rijetkim-dijagnozama-rujan\/#primaryimage\"},\"thumbnailUrl\":\"https:\/\/rijetke-bolesti.com\/wp-content\/uploads\/2026\/09\/Gemini_Generated_Image_r8oizcr8oizcr8oi-1024x559.jpeg\",\"datePublished\":\"2026-09-01T06:55:06+00:00\",\"author\":{\"@id\":\"https:\/\/rijetke-bolesti.com\/#\/schema\/person\/aef3ba29d85f7c9772a22dda632784e7\"},\"breadcrumb\":{\"@id\":\"https:\/\/rijetke-bolesti.com\/mjesec-svjesnosti-o-rijetkim-dijagnozama-rujan\/#breadcrumb\"},\"inLanguage\":\"en-GB\",\"potentialAction\":[{\"@type\":\"ReadAction\",\"target\":[\"https:\/\/rijetke-bolesti.com\/mjesec-svjesnosti-o-rijetkim-dijagnozama-rujan\/\"]}]},{\"@type\":\"ImageObject\",\"inLanguage\":\"en-GB\",\"@id\":\"https:\/\/rijetke-bolesti.com\/mjesec-svjesnosti-o-rijetkim-dijagnozama-rujan\/#primaryimage\",\"url\":\"https:\/\/rijetke-bolesti.com\/wp-content\/uploads\/2026\/09\/Gemini_Generated_Image_r8oizcr8oizcr8oi-1024x559.jpeg\",\"contentUrl\":\"https:\/\/rijetke-bolesti.com\/wp-content\/uploads\/2026\/09\/Gemini_Generated_Image_r8oizcr8oizcr8oi-1024x559.jpeg\"},{\"@type\":\"BreadcrumbList\",\"@id\":\"https:\/\/rijetke-bolesti.com\/mjesec-svjesnosti-o-rijetkim-dijagnozama-rujan\/#breadcrumb\",\"itemListElement\":[{\"@type\":\"ListItem\",\"position\":1,\"name\":\"Home\",\"item\":\"https:\/\/rijetke-bolesti.com\/\"},{\"@type\":\"ListItem\",\"position\":2,\"name\":\"Mjesec svjesnosti o rijetkim dijagnozama &#8211; rujan\"}]},{\"@type\":\"WebSite\",\"@id\":\"https:\/\/rijetke-bolesti.com\/#website\",\"url\":\"https:\/\/rijetke-bolesti.com\/\",\"name\":\"Hrvatski savez za rijetke bolesti\",\"description\":\"Za\u0161tita i unapre\u0111enje kvalitete \u017eivota osoba oboljelih\u00a0 od rijetkih bolesti\",\"potentialAction\":[{\"@type\":\"SearchAction\",\"target\":{\"@type\":\"EntryPoint\",\"urlTemplate\":\"https:\/\/rijetke-bolesti.com\/?s={search_term_string}\"},\"query-input\":{\"@type\":\"PropertyValueSpecification\",\"valueRequired\":true,\"valueName\":\"search_term_string\"}}],\"inLanguage\":\"en-GB\"},{\"@type\":\"Person\",\"@id\":\"https:\/\/rijetke-bolesti.com\/#\/schema\/person\/aef3ba29d85f7c9772a22dda632784e7\",\"name\":\"sara\",\"image\":{\"@type\":\"ImageObject\",\"inLanguage\":\"en-GB\",\"@id\":\"https:\/\/rijetke-bolesti.com\/#\/schema\/person\/image\/\",\"url\":\"https:\/\/secure.gravatar.com\/avatar\/3d9e5c9f8d3713aa533765bf3ae12e233c75a6280581cc7b84aa6a481f87d6cd?s=96&d=mm&r=g\",\"contentUrl\":\"https:\/\/secure.gravatar.com\/avatar\/3d9e5c9f8d3713aa533765bf3ae12e233c75a6280581cc7b84aa6a481f87d6cd?s=96&d=mm&r=g\",\"caption\":\"sara\"},\"url\":\"https:\/\/rijetke-bolesti.com\/en\/author\/sara\/\"}]}<\/script>\n<!-- \/ Yoast SEO plugin. -->","yoast_head_json":{"title":"Mjesec svjesnosti o rijetkim dijagnozama - rujan - Hrvatski savez za rijetke bolesti","robots":{"index":"index","follow":"follow","max-snippet":"max-snippet:-1","max-image-preview":"max-image-preview:large","max-video-preview":"max-video-preview:-1"},"canonical":"https:\/\/rijetke-bolesti.com\/en\/mjesec-svjesnosti-o-rijetkim-dijagnozama-rujan\/","og_locale":"en_GB","og_type":"article","og_title":"Mjesec svjesnosti o rijetkim dijagnozama - rujan - Hrvatski savez za rijetke bolesti","og_description":"Rujan \u2013 mjesec svjesnosti o Arnold-Chiarijevim malformacijama Arnold-Chiari malformacija je rijetko neurolo\u0161ko stanje kod kojeg dolazi do nepravilnog polo\u017eaja dijela mozga, naj\u010de\u0161\u0107e malog mozga, koji se spu\u0161ta prema spinalnom kanalu. Mo\u017ee uzrokovati razli\u010dite simptome poput glavobolja, vrtoglavice, problema s ravnote\u017eom, bolova u vratu i poreme\u0107aja...","og_url":"https:\/\/rijetke-bolesti.com\/en\/mjesec-svjesnosti-o-rijetkim-dijagnozama-rujan\/","og_site_name":"Hrvatski savez za rijetke bolesti","article_published_time":"2026-09-01T06:55:06+00:00","og_image":[{"width":1407,"height":768,"url":"https:\/\/rijetke-bolesti.com\/wp-content\/uploads\/2026\/09\/Gemini_Generated_Image_r8oizcr8oizcr8oi.jpeg","type":"image\/jpeg"}],"author":"sara","twitter_card":"summary_large_image","twitter_misc":{"Written by":"sara","Estimated reading time":"4 minutes"},"schema":{"@context":"https:\/\/schema.org","@graph":[{"@type":"WebPage","@id":"https:\/\/rijetke-bolesti.com\/mjesec-svjesnosti-o-rijetkim-dijagnozama-rujan\/","url":"https:\/\/rijetke-bolesti.com\/mjesec-svjesnosti-o-rijetkim-dijagnozama-rujan\/","name":"Mjesec svjesnosti o rijetkim dijagnozama - rujan - Hrvatski savez za rijetke bolesti","isPartOf":{"@id":"https:\/\/rijetke-bolesti.com\/#website"},"primaryImageOfPage":{"@id":"https:\/\/rijetke-bolesti.com\/mjesec-svjesnosti-o-rijetkim-dijagnozama-rujan\/#primaryimage"},"image":{"@id":"https:\/\/rijetke-bolesti.com\/mjesec-svjesnosti-o-rijetkim-dijagnozama-rujan\/#primaryimage"},"thumbnailUrl":"https:\/\/rijetke-bolesti.com\/wp-content\/uploads\/2026\/09\/Gemini_Generated_Image_r8oizcr8oizcr8oi-1024x559.jpeg","datePublished":"2026-09-01T06:55:06+00:00","author":{"@id":"https:\/\/rijetke-bolesti.com\/#\/schema\/person\/aef3ba29d85f7c9772a22dda632784e7"},"breadcrumb":{"@id":"https:\/\/rijetke-bolesti.com\/mjesec-svjesnosti-o-rijetkim-dijagnozama-rujan\/#breadcrumb"},"inLanguage":"en-GB","potentialAction":[{"@type":"ReadAction","target":["https:\/\/rijetke-bolesti.com\/mjesec-svjesnosti-o-rijetkim-dijagnozama-rujan\/"]}]},{"@type":"ImageObject","inLanguage":"en-GB","@id":"https:\/\/rijetke-bolesti.com\/mjesec-svjesnosti-o-rijetkim-dijagnozama-rujan\/#primaryimage","url":"https:\/\/rijetke-bolesti.com\/wp-content\/uploads\/2026\/09\/Gemini_Generated_Image_r8oizcr8oizcr8oi-1024x559.jpeg","contentUrl":"https:\/\/rijetke-bolesti.com\/wp-content\/uploads\/2026\/09\/Gemini_Generated_Image_r8oizcr8oizcr8oi-1024x559.jpeg"},{"@type":"BreadcrumbList","@id":"https:\/\/rijetke-bolesti.com\/mjesec-svjesnosti-o-rijetkim-dijagnozama-rujan\/#breadcrumb","itemListElement":[{"@type":"ListItem","position":1,"name":"Home","item":"https:\/\/rijetke-bolesti.com\/"},{"@type":"ListItem","position":2,"name":"Mjesec svjesnosti o rijetkim dijagnozama &#8211; rujan"}]},{"@type":"WebSite","@id":"https:\/\/rijetke-bolesti.com\/#website","url":"https:\/\/rijetke-bolesti.com\/","name":"Hrvatski savez za rijetke bolesti","description":"Za\u0161tita i unapre\u0111enje kvalitete \u017eivota osoba oboljelih\u00a0 od rijetkih bolesti","potentialAction":[{"@type":"SearchAction","target":{"@type":"EntryPoint","urlTemplate":"https:\/\/rijetke-bolesti.com\/?s={search_term_string}"},"query-input":{"@type":"PropertyValueSpecification","valueRequired":true,"valueName":"search_term_string"}}],"inLanguage":"en-GB"},{"@type":"Person","@id":"https:\/\/rijetke-bolesti.com\/#\/schema\/person\/aef3ba29d85f7c9772a22dda632784e7","name":"sara","image":{"@type":"ImageObject","inLanguage":"en-GB","@id":"https:\/\/rijetke-bolesti.com\/#\/schema\/person\/image\/","url":"https:\/\/secure.gravatar.com\/avatar\/3d9e5c9f8d3713aa533765bf3ae12e233c75a6280581cc7b84aa6a481f87d6cd?s=96&d=mm&r=g","contentUrl":"https:\/\/secure.gravatar.com\/avatar\/3d9e5c9f8d3713aa533765bf3ae12e233c75a6280581cc7b84aa6a481f87d6cd?s=96&d=mm&r=g","caption":"sara"},"url":"https:\/\/rijetke-bolesti.com\/en\/author\/sara\/"}]}},"_links":{"self":[{"href":"https:\/\/rijetke-bolesti.com\/en\/wp-json\/wp\/v2\/posts\/6479","targetHints":{"allow":["GET"]}}],"collection":[{"href":"https:\/\/rijetke-bolesti.com\/en\/wp-json\/wp\/v2\/posts"}],"about":[{"href":"https:\/\/rijetke-bolesti.com\/en\/wp-json\/wp\/v2\/types\/post"}],"author":[{"embeddable":true,"href":"https:\/\/rijetke-bolesti.com\/en\/wp-json\/wp\/v2\/users\/3"}],"replies":[{"embeddable":true,"href":"https:\/\/rijetke-bolesti.com\/en\/wp-json\/wp\/v2\/comments?post=6479"}],"version-history":[{"count":10,"href":"https:\/\/rijetke-bolesti.com\/en\/wp-json\/wp\/v2\/posts\/6479\/revisions"}],"predecessor-version":[{"id":6501,"href":"https:\/\/rijetke-bolesti.com\/en\/wp-json\/wp\/v2\/posts\/6479\/revisions\/6501"}],"wp:attachment":[{"href":"https:\/\/rijetke-bolesti.com\/en\/wp-json\/wp\/v2\/media?parent=6479"}],"wp:term":[{"taxonomy":"category","embeddable":true,"href":"https:\/\/rijetke-bolesti.com\/en\/wp-json\/wp\/v2\/categories?post=6479"},{"taxonomy":"post_tag","embeddable":true,"href":"https:\/\/rijetke-bolesti.com\/en\/wp-json\/wp\/v2\/tags?post=6479"}],"curies":[{"name":"wp","href":"https:\/\/api.w.org\/{rel}","templated":true}]}}