{"id":3677,"date":"2023-11-30T10:44:30","date_gmt":"2023-11-30T08:44:30","guid":{"rendered":"https:\/\/rijetke-bolesti.com\/?p=3677"},"modified":"2024-04-30T17:33:46","modified_gmt":"2024-04-30T15:33:46","slug":"predavanje-na-edukacijsko-rehabilitacijskom-fakultetu-29-studenog-2023-u-sklopu-acf-projekta-zenski-stav-za-sustav","status":"publish","type":"post","link":"https:\/\/rijetke-bolesti.com\/en\/predavanje-na-edukacijsko-rehabilitacijskom-fakultetu-29-studenog-2023-u-sklopu-acf-projekta-zenski-stav-za-sustav\/","title":{"rendered":"Predavanje na Edukacijsko-rehabilitacijskom fakultetu 29. studenog 2023. u sklopu ACF projekta \u201c\u017denski stav za sustav!\u201d"},"content":{"rendered":"<div style=\"height:65px\" aria-hidden=\"true\" class=\"wp-block-spacer\"><\/div>\n\n\n<div class=\"wp-block-image\">\n<figure class=\"aligncenter size-large is-resized\"><img loading=\"lazy\" decoding=\"async\" width=\"1024\" height=\"577\" src=\"https:\/\/rijetke-bolesti.com\/wp-content\/uploads\/2024\/04\/WEBCOVER-ZENSKI-STAV-ZA-SUSTAV-12-1024x577.png\" alt=\"\" class=\"wp-image-3855\" style=\"width:550px;height:auto\" srcset=\"https:\/\/rijetke-bolesti.com\/wp-content\/uploads\/2024\/04\/WEBCOVER-ZENSKI-STAV-ZA-SUSTAV-12-1024x577.png 1024w, https:\/\/rijetke-bolesti.com\/wp-content\/uploads\/2024\/04\/WEBCOVER-ZENSKI-STAV-ZA-SUSTAV-12-300x169.png 300w, https:\/\/rijetke-bolesti.com\/wp-content\/uploads\/2024\/04\/WEBCOVER-ZENSKI-STAV-ZA-SUSTAV-12-768x433.png 768w, https:\/\/rijetke-bolesti.com\/wp-content\/uploads\/2024\/04\/WEBCOVER-ZENSKI-STAV-ZA-SUSTAV-12-1536x865.png 1536w, https:\/\/rijetke-bolesti.com\/wp-content\/uploads\/2024\/04\/WEBCOVER-ZENSKI-STAV-ZA-SUSTAV-12-1200x675.png 1200w, https:\/\/rijetke-bolesti.com\/wp-content\/uploads\/2024\/04\/WEBCOVER-ZENSKI-STAV-ZA-SUSTAV-12.png 1640w\" sizes=\"auto, (max-width: 1024px) 100vw, 1024px\" \/><\/figure>\n<\/div>\n\n\n<p>Socijalne radnice&nbsp;<strong>Ivana Hrastar<\/strong>&nbsp;i&nbsp;<strong>Ida Mirkovi\u0107 Knaus<\/strong>&nbsp;odr\u017eale su studentima diplomskog studija edukacijske rehabilitacije na Edukacijsko-rehabilitacijskom fakultetu u Zagrebu predavanje o rijetkim bolestima. Navedeno predavanje odr\u017eano je kao dio terenskih intervencija u sklopu ACF projekta <strong>\u201c\u017denski stav za sustav!\u201d<\/strong>. <\/p>\n\n\n\n<p>Kroz predavanje je studentima predstavljeno podru\u010dje rijetkih bolesti, izazovi s kojima se susre\u0107u osobe s rijetkim bolestima i \u010dlanovi njihovih obitelji, kao i uloga Saveza u pru\u017eanju pomo\u0107i i podr\u0161ke osobama suo\u010denim s rijetkim bolestima. Na taj su na\u010din budu\u0107ni stru\u010dnjaci koji \u0107e se u svom radu susretati i s osobama s rijetkim bolestima dobili uvid u izazove koji su specifi\u010dni u tom podru\u010dju, kao i konkretne informacije koje im u praksi mogu pomo\u0107i.<\/p>\n\n\n\n<p><br>Zaklju\u010deno je kako je suradnja stru\u010dnjaka iz razli\u010ditih podru\u010dja od iznimne va\u017enosti za razvoj \u0161to bolje skrbi za osobe s rijetkim bolestima, a upravo ovakva edukativna predavanja stvaraju temelj za daljnji razvoj suradnje te razmjene znanja i dobrih praksi.<\/p>\n\n\n<div class=\"wp-block-image\">\n<figure class=\"aligncenter size-full\"><img loading=\"lazy\" decoding=\"async\" width=\"457\" height=\"192\" src=\"https:\/\/rijetke-bolesti.com\/wp-content\/uploads\/2024\/04\/ACF-logo_PNG.png\" alt=\"\" class=\"wp-image-3862\" srcset=\"https:\/\/rijetke-bolesti.com\/wp-content\/uploads\/2024\/04\/ACF-logo_PNG.png 457w, https:\/\/rijetke-bolesti.com\/wp-content\/uploads\/2024\/04\/ACF-logo_PNG-300x126.png 300w\" sizes=\"auto, (max-width: 457px) 100vw, 457px\" \/><\/figure>\n<\/div>\n\n\n<p class=\"has-text-align-center\"><em>Projekt \u201e\u017dENSKI STAV ZA SUSTAV! Sveobuhvatna podr\u0161ka i osna\u017eivanje \u017eena s\u00a0 izazovima rijetkih bolesti\u201c podr\u017ean\u00a0 je kroz Fond za aktivno gra\u0111anstvo,\u00a0 sredstvima Islanda, Lihten\u0161tajna i Norve\u0161ke u okviru EGP grantova.<\/em><\/p>","protected":false},"excerpt":{"rendered":"<p>Socijalne radnice&nbsp;Ivana Hrastar&nbsp;i&nbsp;Ida Mirkovi\u0107 Knaus&nbsp;odr\u017eale su studentima diplomskog studija edukacijske rehabilitacije na Edukacijsko-rehabilitacijskom fakultetu u Zagrebu predavanje o rijetkim bolestima. Navedeno predavanje odr\u017eano je kao dio terenskih intervencija u sklopu ACF projekta \u201c\u017denski stav za sustav!\u201d. Kroz predavanje je studentima predstavljeno podru\u010dje rijetkih bolesti, izazovi&#8230;<\/p>","protected":false},"author":3,"featured_media":0,"comment_status":"open","ping_status":"open","sticky":false,"template":"","format":"standard","meta":{"content-type":"","footnotes":""},"categories":[1],"tags":[],"class_list":["post-3677","post","type-post","status-publish","format-standard","hentry","category-uncategorized"],"yoast_head":"<!-- This site is optimized with the Yoast SEO plugin v26.0 - https:\/\/yoast.com\/wordpress\/plugins\/seo\/ -->\n<title>Predavanje na Edukacijsko-rehabilitacijskom fakultetu 29. studenog 2023. u sklopu ACF projekta \u201c\u017denski stav za sustav!\u201d - Hrvatski savez za rijetke bolesti<\/title>\n<meta name=\"robots\" content=\"index, follow, max-snippet:-1, max-image-preview:large, max-video-preview:-1\" \/>\n<link rel=\"canonical\" href=\"https:\/\/rijetke-bolesti.com\/en\/predavanje-na-edukacijsko-rehabilitacijskom-fakultetu-29-studenog-2023-u-sklopu-acf-projekta-zenski-stav-za-sustav\/\" \/>\n<meta property=\"og:locale\" content=\"en_GB\" \/>\n<meta property=\"og:type\" content=\"article\" \/>\n<meta property=\"og:title\" content=\"Predavanje na Edukacijsko-rehabilitacijskom fakultetu 29. studenog 2023. u sklopu ACF projekta \u201c\u017denski stav za sustav!\u201d - Hrvatski savez za rijetke bolesti\" \/>\n<meta property=\"og:description\" content=\"Socijalne radnice&nbsp;Ivana Hrastar&nbsp;i&nbsp;Ida Mirkovi\u0107 Knaus&nbsp;odr\u017eale su studentima diplomskog studija edukacijske rehabilitacije na Edukacijsko-rehabilitacijskom fakultetu u Zagrebu predavanje o rijetkim bolestima. Navedeno predavanje odr\u017eano je kao dio terenskih intervencija u sklopu ACF projekta \u201c\u017denski stav za sustav!\u201d. Kroz predavanje je studentima predstavljeno podru\u010dje rijetkih bolesti, izazovi...\" \/>\n<meta property=\"og:url\" content=\"https:\/\/rijetke-bolesti.com\/en\/predavanje-na-edukacijsko-rehabilitacijskom-fakultetu-29-studenog-2023-u-sklopu-acf-projekta-zenski-stav-za-sustav\/\" \/>\n<meta property=\"og:site_name\" content=\"Hrvatski savez za rijetke bolesti\" \/>\n<meta property=\"article:published_time\" content=\"2023-11-30T08:44:30+00:00\" \/>\n<meta property=\"article:modified_time\" content=\"2024-04-30T15:33:46+00:00\" \/>\n<meta property=\"og:image\" content=\"https:\/\/rijetke-bolesti.com\/wp-content\/uploads\/2024\/04\/WEBCOVER-ZENSKI-STAV-ZA-SUSTAV-12-1024x577.png\" \/>\n<meta name=\"author\" content=\"sara\" \/>\n<meta name=\"twitter:card\" content=\"summary_large_image\" \/>\n<meta name=\"twitter:label1\" content=\"Written by\" \/>\n\t<meta name=\"twitter:data1\" content=\"sara\" \/>\n\t<meta name=\"twitter:label2\" content=\"Estimated reading time\" \/>\n\t<meta name=\"twitter:data2\" content=\"1 minute\" \/>\n<script type=\"application\/ld+json\" class=\"yoast-schema-graph\">{\"@context\":\"https:\/\/schema.org\",\"@graph\":[{\"@type\":\"WebPage\",\"@id\":\"https:\/\/rijetke-bolesti.com\/predavanje-na-edukacijsko-rehabilitacijskom-fakultetu-29-studenog-2023-u-sklopu-acf-projekta-zenski-stav-za-sustav\/\",\"url\":\"https:\/\/rijetke-bolesti.com\/predavanje-na-edukacijsko-rehabilitacijskom-fakultetu-29-studenog-2023-u-sklopu-acf-projekta-zenski-stav-za-sustav\/\",\"name\":\"Predavanje na Edukacijsko-rehabilitacijskom fakultetu 29. studenog 2023. u sklopu ACF projekta \u201c\u017denski stav za sustav!\u201d - Hrvatski savez za rijetke bolesti\",\"isPartOf\":{\"@id\":\"https:\/\/rijetke-bolesti.com\/#website\"},\"primaryImageOfPage\":{\"@id\":\"https:\/\/rijetke-bolesti.com\/predavanje-na-edukacijsko-rehabilitacijskom-fakultetu-29-studenog-2023-u-sklopu-acf-projekta-zenski-stav-za-sustav\/#primaryimage\"},\"image\":{\"@id\":\"https:\/\/rijetke-bolesti.com\/predavanje-na-edukacijsko-rehabilitacijskom-fakultetu-29-studenog-2023-u-sklopu-acf-projekta-zenski-stav-za-sustav\/#primaryimage\"},\"thumbnailUrl\":\"https:\/\/rijetke-bolesti.com\/wp-content\/uploads\/2024\/04\/WEBCOVER-ZENSKI-STAV-ZA-SUSTAV-12-1024x577.png\",\"datePublished\":\"2023-11-30T08:44:30+00:00\",\"dateModified\":\"2024-04-30T15:33:46+00:00\",\"author\":{\"@id\":\"https:\/\/rijetke-bolesti.com\/#\/schema\/person\/aef3ba29d85f7c9772a22dda632784e7\"},\"breadcrumb\":{\"@id\":\"https:\/\/rijetke-bolesti.com\/predavanje-na-edukacijsko-rehabilitacijskom-fakultetu-29-studenog-2023-u-sklopu-acf-projekta-zenski-stav-za-sustav\/#breadcrumb\"},\"inLanguage\":\"en-GB\",\"potentialAction\":[{\"@type\":\"ReadAction\",\"target\":[\"https:\/\/rijetke-bolesti.com\/predavanje-na-edukacijsko-rehabilitacijskom-fakultetu-29-studenog-2023-u-sklopu-acf-projekta-zenski-stav-za-sustav\/\"]}]},{\"@type\":\"ImageObject\",\"inLanguage\":\"en-GB\",\"@id\":\"https:\/\/rijetke-bolesti.com\/predavanje-na-edukacijsko-rehabilitacijskom-fakultetu-29-studenog-2023-u-sklopu-acf-projekta-zenski-stav-za-sustav\/#primaryimage\",\"url\":\"https:\/\/rijetke-bolesti.com\/wp-content\/uploads\/2024\/04\/WEBCOVER-ZENSKI-STAV-ZA-SUSTAV-12-1024x577.png\",\"contentUrl\":\"https:\/\/rijetke-bolesti.com\/wp-content\/uploads\/2024\/04\/WEBCOVER-ZENSKI-STAV-ZA-SUSTAV-12-1024x577.png\"},{\"@type\":\"BreadcrumbList\",\"@id\":\"https:\/\/rijetke-bolesti.com\/predavanje-na-edukacijsko-rehabilitacijskom-fakultetu-29-studenog-2023-u-sklopu-acf-projekta-zenski-stav-za-sustav\/#breadcrumb\",\"itemListElement\":[{\"@type\":\"ListItem\",\"position\":1,\"name\":\"Home\",\"item\":\"https:\/\/rijetke-bolesti.com\/\"},{\"@type\":\"ListItem\",\"position\":2,\"name\":\"Predavanje na Edukacijsko-rehabilitacijskom fakultetu 29. studenog 2023. u sklopu ACF projekta \u201c\u017denski stav za sustav!\u201d\"}]},{\"@type\":\"WebSite\",\"@id\":\"https:\/\/rijetke-bolesti.com\/#website\",\"url\":\"https:\/\/rijetke-bolesti.com\/\",\"name\":\"Hrvatski savez za rijetke bolesti\",\"description\":\"Za\u0161tita i unapre\u0111enje kvalitete \u017eivota osoba oboljelih\u00a0 od rijetkih bolesti\",\"potentialAction\":[{\"@type\":\"SearchAction\",\"target\":{\"@type\":\"EntryPoint\",\"urlTemplate\":\"https:\/\/rijetke-bolesti.com\/?s={search_term_string}\"},\"query-input\":{\"@type\":\"PropertyValueSpecification\",\"valueRequired\":true,\"valueName\":\"search_term_string\"}}],\"inLanguage\":\"en-GB\"},{\"@type\":\"Person\",\"@id\":\"https:\/\/rijetke-bolesti.com\/#\/schema\/person\/aef3ba29d85f7c9772a22dda632784e7\",\"name\":\"sara\",\"image\":{\"@type\":\"ImageObject\",\"inLanguage\":\"en-GB\",\"@id\":\"https:\/\/rijetke-bolesti.com\/#\/schema\/person\/image\/\",\"url\":\"https:\/\/secure.gravatar.com\/avatar\/3d9e5c9f8d3713aa533765bf3ae12e233c75a6280581cc7b84aa6a481f87d6cd?s=96&d=mm&r=g\",\"contentUrl\":\"https:\/\/secure.gravatar.com\/avatar\/3d9e5c9f8d3713aa533765bf3ae12e233c75a6280581cc7b84aa6a481f87d6cd?s=96&d=mm&r=g\",\"caption\":\"sara\"},\"url\":\"https:\/\/rijetke-bolesti.com\/en\/author\/sara\/\"}]}<\/script>\n<!-- \/ Yoast SEO plugin. -->","yoast_head_json":{"title":"Predavanje na Edukacijsko-rehabilitacijskom fakultetu 29. studenog 2023. u sklopu ACF projekta \u201c\u017denski stav za sustav!\u201d - Hrvatski savez za rijetke bolesti","robots":{"index":"index","follow":"follow","max-snippet":"max-snippet:-1","max-image-preview":"max-image-preview:large","max-video-preview":"max-video-preview:-1"},"canonical":"https:\/\/rijetke-bolesti.com\/en\/predavanje-na-edukacijsko-rehabilitacijskom-fakultetu-29-studenog-2023-u-sklopu-acf-projekta-zenski-stav-za-sustav\/","og_locale":"en_GB","og_type":"article","og_title":"Predavanje na Edukacijsko-rehabilitacijskom fakultetu 29. studenog 2023. u sklopu ACF projekta \u201c\u017denski stav za sustav!\u201d - Hrvatski savez za rijetke bolesti","og_description":"Socijalne radnice&nbsp;Ivana Hrastar&nbsp;i&nbsp;Ida Mirkovi\u0107 Knaus&nbsp;odr\u017eale su studentima diplomskog studija edukacijske rehabilitacije na Edukacijsko-rehabilitacijskom fakultetu u Zagrebu predavanje o rijetkim bolestima. Navedeno predavanje odr\u017eano je kao dio terenskih intervencija u sklopu ACF projekta \u201c\u017denski stav za sustav!\u201d. Kroz predavanje je studentima predstavljeno podru\u010dje rijetkih bolesti, izazovi...","og_url":"https:\/\/rijetke-bolesti.com\/en\/predavanje-na-edukacijsko-rehabilitacijskom-fakultetu-29-studenog-2023-u-sklopu-acf-projekta-zenski-stav-za-sustav\/","og_site_name":"Hrvatski savez za rijetke bolesti","article_published_time":"2023-11-30T08:44:30+00:00","article_modified_time":"2024-04-30T15:33:46+00:00","og_image":[{"url":"https:\/\/rijetke-bolesti.com\/wp-content\/uploads\/2024\/04\/WEBCOVER-ZENSKI-STAV-ZA-SUSTAV-12-1024x577.png","type":"","width":"","height":""}],"author":"sara","twitter_card":"summary_large_image","twitter_misc":{"Written by":"sara","Estimated reading time":"1 minute"},"schema":{"@context":"https:\/\/schema.org","@graph":[{"@type":"WebPage","@id":"https:\/\/rijetke-bolesti.com\/predavanje-na-edukacijsko-rehabilitacijskom-fakultetu-29-studenog-2023-u-sklopu-acf-projekta-zenski-stav-za-sustav\/","url":"https:\/\/rijetke-bolesti.com\/predavanje-na-edukacijsko-rehabilitacijskom-fakultetu-29-studenog-2023-u-sklopu-acf-projekta-zenski-stav-za-sustav\/","name":"Predavanje na Edukacijsko-rehabilitacijskom fakultetu 29. studenog 2023. u sklopu ACF projekta \u201c\u017denski stav za sustav!\u201d - Hrvatski savez za rijetke bolesti","isPartOf":{"@id":"https:\/\/rijetke-bolesti.com\/#website"},"primaryImageOfPage":{"@id":"https:\/\/rijetke-bolesti.com\/predavanje-na-edukacijsko-rehabilitacijskom-fakultetu-29-studenog-2023-u-sklopu-acf-projekta-zenski-stav-za-sustav\/#primaryimage"},"image":{"@id":"https:\/\/rijetke-bolesti.com\/predavanje-na-edukacijsko-rehabilitacijskom-fakultetu-29-studenog-2023-u-sklopu-acf-projekta-zenski-stav-za-sustav\/#primaryimage"},"thumbnailUrl":"https:\/\/rijetke-bolesti.com\/wp-content\/uploads\/2024\/04\/WEBCOVER-ZENSKI-STAV-ZA-SUSTAV-12-1024x577.png","datePublished":"2023-11-30T08:44:30+00:00","dateModified":"2024-04-30T15:33:46+00:00","author":{"@id":"https:\/\/rijetke-bolesti.com\/#\/schema\/person\/aef3ba29d85f7c9772a22dda632784e7"},"breadcrumb":{"@id":"https:\/\/rijetke-bolesti.com\/predavanje-na-edukacijsko-rehabilitacijskom-fakultetu-29-studenog-2023-u-sklopu-acf-projekta-zenski-stav-za-sustav\/#breadcrumb"},"inLanguage":"en-GB","potentialAction":[{"@type":"ReadAction","target":["https:\/\/rijetke-bolesti.com\/predavanje-na-edukacijsko-rehabilitacijskom-fakultetu-29-studenog-2023-u-sklopu-acf-projekta-zenski-stav-za-sustav\/"]}]},{"@type":"ImageObject","inLanguage":"en-GB","@id":"https:\/\/rijetke-bolesti.com\/predavanje-na-edukacijsko-rehabilitacijskom-fakultetu-29-studenog-2023-u-sklopu-acf-projekta-zenski-stav-za-sustav\/#primaryimage","url":"https:\/\/rijetke-bolesti.com\/wp-content\/uploads\/2024\/04\/WEBCOVER-ZENSKI-STAV-ZA-SUSTAV-12-1024x577.png","contentUrl":"https:\/\/rijetke-bolesti.com\/wp-content\/uploads\/2024\/04\/WEBCOVER-ZENSKI-STAV-ZA-SUSTAV-12-1024x577.png"},{"@type":"BreadcrumbList","@id":"https:\/\/rijetke-bolesti.com\/predavanje-na-edukacijsko-rehabilitacijskom-fakultetu-29-studenog-2023-u-sklopu-acf-projekta-zenski-stav-za-sustav\/#breadcrumb","itemListElement":[{"@type":"ListItem","position":1,"name":"Home","item":"https:\/\/rijetke-bolesti.com\/"},{"@type":"ListItem","position":2,"name":"Predavanje na Edukacijsko-rehabilitacijskom fakultetu 29. studenog 2023. u sklopu ACF projekta \u201c\u017denski stav za sustav!\u201d"}]},{"@type":"WebSite","@id":"https:\/\/rijetke-bolesti.com\/#website","url":"https:\/\/rijetke-bolesti.com\/","name":"Hrvatski savez za rijetke bolesti","description":"Za\u0161tita i unapre\u0111enje kvalitete \u017eivota osoba oboljelih\u00a0 od rijetkih bolesti","potentialAction":[{"@type":"SearchAction","target":{"@type":"EntryPoint","urlTemplate":"https:\/\/rijetke-bolesti.com\/?s={search_term_string}"},"query-input":{"@type":"PropertyValueSpecification","valueRequired":true,"valueName":"search_term_string"}}],"inLanguage":"en-GB"},{"@type":"Person","@id":"https:\/\/rijetke-bolesti.com\/#\/schema\/person\/aef3ba29d85f7c9772a22dda632784e7","name":"sara","image":{"@type":"ImageObject","inLanguage":"en-GB","@id":"https:\/\/rijetke-bolesti.com\/#\/schema\/person\/image\/","url":"https:\/\/secure.gravatar.com\/avatar\/3d9e5c9f8d3713aa533765bf3ae12e233c75a6280581cc7b84aa6a481f87d6cd?s=96&d=mm&r=g","contentUrl":"https:\/\/secure.gravatar.com\/avatar\/3d9e5c9f8d3713aa533765bf3ae12e233c75a6280581cc7b84aa6a481f87d6cd?s=96&d=mm&r=g","caption":"sara"},"url":"https:\/\/rijetke-bolesti.com\/en\/author\/sara\/"}]}},"_links":{"self":[{"href":"https:\/\/rijetke-bolesti.com\/en\/wp-json\/wp\/v2\/posts\/3677","targetHints":{"allow":["GET"]}}],"collection":[{"href":"https:\/\/rijetke-bolesti.com\/en\/wp-json\/wp\/v2\/posts"}],"about":[{"href":"https:\/\/rijetke-bolesti.com\/en\/wp-json\/wp\/v2\/types\/post"}],"author":[{"embeddable":true,"href":"https:\/\/rijetke-bolesti.com\/en\/wp-json\/wp\/v2\/users\/3"}],"replies":[{"embeddable":true,"href":"https:\/\/rijetke-bolesti.com\/en\/wp-json\/wp\/v2\/comments?post=3677"}],"version-history":[{"count":3,"href":"https:\/\/rijetke-bolesti.com\/en\/wp-json\/wp\/v2\/posts\/3677\/revisions"}],"predecessor-version":[{"id":3867,"href":"https:\/\/rijetke-bolesti.com\/en\/wp-json\/wp\/v2\/posts\/3677\/revisions\/3867"}],"wp:attachment":[{"href":"https:\/\/rijetke-bolesti.com\/en\/wp-json\/wp\/v2\/media?parent=3677"}],"wp:term":[{"taxonomy":"category","embeddable":true,"href":"https:\/\/rijetke-bolesti.com\/en\/wp-json\/wp\/v2\/categories?post=3677"},{"taxonomy":"post_tag","embeddable":true,"href":"https:\/\/rijetke-bolesti.com\/en\/wp-json\/wp\/v2\/tags?post=3677"}],"curies":[{"name":"wp","href":"https:\/\/api.w.org\/{rel}","templated":true}]}}